{"id":18619,"date":"2026-01-02T14:00:42","date_gmt":"2026-01-02T13:00:42","guid":{"rendered":"https:\/\/eidelstedter-buergerverein.de\/?p=18619"},"modified":"2026-01-04T22:42:25","modified_gmt":"2026-01-04T21:42:25","slug":"rundbreef-68","status":"publish","type":"post","link":"https:\/\/eidelstedter-buergerverein.de\/?p=18619","title":{"rendered":"Rundbreef 68"},"content":{"rendered":"\n<figure class=\"wp-block-image size-large is-resized\"><img fetchpriority=\"high\" decoding=\"async\" width=\"1024\" height=\"385\" src=\"https:\/\/eidelstedter-buergerverein.de\/wp-content\/uploads\/2023\/01\/logo_de_plattsnakker_2020-jpg-1024x385.jpg\" alt=\"\" class=\"wp-image-16138\" style=\"aspect-ratio:2.6597708442264283;width:633px;height:auto\" srcset=\"https:\/\/eidelstedter-buergerverein.de\/wp-content\/uploads\/2023\/01\/logo_de_plattsnakker_2020-jpg-1024x385.jpg 1024w, https:\/\/eidelstedter-buergerverein.de\/wp-content\/uploads\/2023\/01\/logo_de_plattsnakker_2020-jpg-300x113.jpg 300w, https:\/\/eidelstedter-buergerverein.de\/wp-content\/uploads\/2023\/01\/logo_de_plattsnakker_2020-jpg-768x288.jpg 768w, https:\/\/eidelstedter-buergerverein.de\/wp-content\/uploads\/2023\/01\/logo_de_plattsnakker_2020-jpg-1536x577.jpg 1536w, https:\/\/eidelstedter-buergerverein.de\/wp-content\/uploads\/2023\/01\/logo_de_plattsnakker_2020-jpg-1320x496.jpg 1320w, https:\/\/eidelstedter-buergerverein.de\/wp-content\/uploads\/2023\/01\/logo_de_plattsnakker_2020-jpg.jpg 1920w\" sizes=\"(max-width: 1024px) 100vw, 1024px\" \/><\/figure>\n\n\n\n<figure class=\"wp-block-image size-full is-resized\"><img decoding=\"async\" width=\"730\" height=\"87\" src=\"https:\/\/eidelstedter-buergerverein.de\/wp-content\/uploads\/2026\/01\/Datum-Januar-2026.png\" alt=\"\" class=\"wp-image-18621\" style=\"aspect-ratio:8.389904153159462;width:322px;height:auto\" srcset=\"https:\/\/eidelstedter-buergerverein.de\/wp-content\/uploads\/2026\/01\/Datum-Januar-2026.png 730w, https:\/\/eidelstedter-buergerverein.de\/wp-content\/uploads\/2026\/01\/Datum-Januar-2026-300x36.png 300w\" sizes=\"(max-width: 730px) 100vw, 730px\" \/><\/figure>\n\n\n\n<p><\/p>\n\n\n\n<p><\/p>\n\n\n\n<p class=\"has-medium-font-size\"><strong>Moin, leev L\u00fc\u00fcd,<\/strong><\/p>\n\n\n\n<p><\/p>\n\n\n\n<p><\/p>\n\n\n\n<p>hartlich willkamen to uns Rundbreef f\u00f6r <strong>Januor<\/strong>, de eerst in dat nege Johr <strong>2026<\/strong>.<br>Ik w\u00fcnsch ji allens Gode un best <strong>S<\/strong><strong>und<\/strong><strong>heit<\/strong>.<\/p>\n\n\n\n<p>Tohoop w\u00fcllt wi dorop h\u00f6pen, dat dat een fien Johr warrt. Trotz dat groten Slamassels ut dat letzte Johr mit Kriegen, Katastrofen un anner <strong>Maleschen<\/strong>, laat wi uns de H\u00f6pen op een fr\u00f6hlich, neegst Johr nich nehmen.<\/p>\n\n\n\n<p>Un dorf\u00f6r hebbt wi ok al een poor Beleefnisse f\u00f6r de kommende Tiet. To\u2019n Bispill in April de <strong>Hamborger Plattd\u00fc\u00fctschdag<\/strong>, gemeensame Theaterbes\u00f6\u00f6k un de al lang plant Bes\u00f6\u00f6k bi uns Uwe sien <strong>\u201eH\u00f6hnerfarm\u201c<\/strong>. D\u00fcsse un ok noch annere Terminen staht denn j\u00fcmmers in uns aktuellen Rundbreef. Dorto gifft dat meist ok een s\u00fclvst schreven Geschicht vun de Plattsnackers, Biller un Narichten ut de plattd\u00fc\u00fctsche Welt. Aver dat kennt ji jo all ut de letzt Johren. Mit uns Rundbreef sch\u00fcllt ji aktuell \u00f6ver all dat, wat in de plattd\u00fc\u00fctsch Welt un in uns Krink loos wesen is, to weten kregen.<\/p>\n\n\n\n<p><strong>\u201eBlievt fr\u00f6hlich un gesund.&#8220; Un <\/strong><strong>dormit ji dat mit <\/strong><strong>de gooden V\u00f6rs\u00e4tz <\/strong><strong>nich vergeet, <\/strong><strong>hebb ik d\u00fcsse l\u00fctte Vertellens mitschickt. Veel Vergn\u00f6gen :<\/strong><\/p>\n\n\n\n<figure class=\"wp-block-audio\"><audio controls src=\"https:\/\/eidelstedter-buergerverein.de\/wp-content\/uploads\/2026\/01\/Podcast-NDR-Neujahrsvorsaetze.mp3\"><\/audio><\/figure>\n\n\n\n<p class=\"has-small-font-size\">NDR 90,3 Podcast -Neujahrsvors\u00e4tze<\/p>\n\n\n\n<figure class=\"wp-block-image size-full is-resized\"><img decoding=\"async\" width=\"466\" height=\"189\" src=\"https:\/\/eidelstedter-buergerverein.de\/wp-content\/uploads\/2024\/03\/Klaus-Peter.jpg\" alt=\"\" class=\"wp-image-16878\" style=\"aspect-ratio:2.465613818010921;width:189px;height:auto\" srcset=\"https:\/\/eidelstedter-buergerverein.de\/wp-content\/uploads\/2024\/03\/Klaus-Peter.jpg 466w, https:\/\/eidelstedter-buergerverein.de\/wp-content\/uploads\/2024\/03\/Klaus-Peter-300x122.jpg 300w\" sizes=\"(max-width: 466px) 100vw, 466px\" \/><\/figure>\n\n\n\n<p class=\"has-medium-font-size\" style=\"text-decoration:underline\"><br><strong>Ut uns Plattd\u00fc\u00fctschkrink<\/strong><\/p>\n\n\n\n<p class=\"has-medium-font-size\"><br> Manch een vun uns snackt nich blots bi uns plattd\u00fc\u00fctsch. So is een vun uns Uwes -Uwe S\u00f6nnichsen- in uns Krink ok Theaterspeler. Klickt mal op de Link <a href=\"https:\/\/tankstheater.de\/#\/\">Tankstheater Nordersted<\/a>t f\u00f6r dat Programm. Dor is he as Speler dorbi. Villicht hebbt ji Lust, Uwe op de Speeldeel to beseuken. Hier is de Adress:<\/p>\n\n\n\n<figure class=\"wp-block-image size-large is-resized\"><img loading=\"lazy\" decoding=\"async\" width=\"1024\" height=\"580\" src=\"https:\/\/eidelstedter-buergerverein.de\/wp-content\/uploads\/2026\/01\/grafik-1-1024x580.png\" alt=\"\" class=\"wp-image-18629\" style=\"aspect-ratio:1.7655095408296915;width:411px;height:auto\" srcset=\"https:\/\/eidelstedter-buergerverein.de\/wp-content\/uploads\/2026\/01\/grafik-1-1024x580.png 1024w, https:\/\/eidelstedter-buergerverein.de\/wp-content\/uploads\/2026\/01\/grafik-1-300x170.png 300w, https:\/\/eidelstedter-buergerverein.de\/wp-content\/uploads\/2026\/01\/grafik-1-768x435.png 768w, https:\/\/eidelstedter-buergerverein.de\/wp-content\/uploads\/2026\/01\/grafik-1.png 1146w\" sizes=\"(max-width: 1024px) 100vw, 1024px\" \/><\/figure>\n\n\n\n<p><\/p>\n\n\n\n<hr class=\"wp-block-separator has-alpha-channel-opacity\" \/>\n\n\n\n<p class=\"has-medium-font-size\" style=\"font-style:normal;font-weight:700;text-decoration:underline\">Ut de plattd\u00fc\u00fctsch Welt<\/p>\n\n\n\n<p class=\"has-black-color has-text-color has-link-color has-medium-font-size wp-elements-28d6ae9d6c6dc900c9a30f77c4e65f4e\" style=\"font-style:normal;font-weight:700;text-decoration:underline\">Gerd Spiekermann nimmt Afschied vun de plattd\u00fc\u00fctsche B\u00fchn <\/p>\n\n\n\n<p>V\u00f6r een poor Johr hett Gerd Spiekermann al vun\u2019t Mikrofoon bi NDR 90,3 un vun sien H\u00f6rers tsch\u00fcss seggt . Lest mal, wat he dormals vertellt hett:<\/p>\n\n\n\n<p><strong><a href=\"https:\/\/www.ndr.de\/903\/sendungen\/wi_snackt_platt\/Gerd-Spiekermann-wird-70,gerdspiekermannsiebzig100.html\">dormals 2022: Gerd Spiekermann ward 70<\/a> <\/strong>  <\/p>\n\n\n\n<p>Un nu hett he dat ok f\u00f6r siene Hamborger B\u00fchnenoptritte maakt. H\u00f6\u00f6rt mal, wat he ton Afscheed seggt hett:<\/p>\n\n\n\n<p><strong><a href=\"https:\/\/www.ndr.de\/kultur\/norddeutsche_sprache\/plattdeutsch\/in-hamburg-sagt-man-tschues-gerd-spiekermanns-buehnenabschied,gerdspiekermann-102.html\">Gerd Spiekermann nimmt Abschied<\/a><\/strong> <\/p>\n\n\n\n<hr class=\"wp-block-separator has-alpha-channel-opacity\" \/>\n\n\n\n<figure class=\"wp-block-image size-large is-resized\"><img loading=\"lazy\" decoding=\"async\" width=\"1024\" height=\"934\" src=\"https:\/\/eidelstedter-buergerverein.de\/wp-content\/uploads\/2025\/03\/Schrievwerksteed-1024x934.png\" alt=\"\" class=\"wp-image-17660\" style=\"aspect-ratio:1.0963642888832479;width:243px;height:auto\" srcset=\"https:\/\/eidelstedter-buergerverein.de\/wp-content\/uploads\/2025\/03\/Schrievwerksteed-1024x934.png 1024w, https:\/\/eidelstedter-buergerverein.de\/wp-content\/uploads\/2025\/03\/Schrievwerksteed-300x274.png 300w, https:\/\/eidelstedter-buergerverein.de\/wp-content\/uploads\/2025\/03\/Schrievwerksteed-768x701.png 768w, https:\/\/eidelstedter-buergerverein.de\/wp-content\/uploads\/2025\/03\/Schrievwerksteed.png 1212w\" sizes=\"(max-width: 1024px) 100vw, 1024px\" \/><\/figure>\n\n\n\n<p><\/p>\n\n\n\n<p class=\"has-medium-font-size\" style=\"text-decoration:underline\"><strong>Dat Sl\u00f6telsyndrom<\/strong>  <\/p>\n\n\n\n<p><\/p>\n\n\n\n<p class=\"has-small-font-size\" style=\"font-style:italic;font-weight:200\">vun uns Plattsnacker Uwe M. Nissen<\/p>\n\n\n\n<p class=\"has-small-font-size\" style=\"font-style:italic;font-weight:200\"><\/p>\n\n\n\n<p>Wat\u00b4n Sl\u00f6telsyndrom is, weeten sacht de allermeisten: Wenn du ut Huus geihst, denn kuntrolleerst du glieks, wat du di nich utsluuten deist un dien Sl\u00f6tel in\u00b4e Tasch hest. De Extremform dorvun is, wenn du dien Sl\u00f6tel gor nich mehr afleggen kannst as bloots noch bi\u00b4t Slaapen. \u2013 Wo sowat vun kaamen kann?  <span><a onclick=\"read_toggle(898588277, 'Mehr anzeigen', 'Weniger anzeigen'); return false;\" class=\"read-link\" id=\"readlink898588277\" style=\"readlink\" href=\"#\">Mehr anzeigen<\/a><\/span>\n<div class=\"read_div\" id=\"read898588277\" style=\"display: none;\"><\/p>\n\n\n\n<p>\u2013 As Schoolmeister-Anf\u00e4nger nehm ick mi en Mansardenwahnung &#8211; ganz in\u00b4e Neechde vun mien nieje School. Se leeg in-e veerte Stock \u2013 un \u00fcnner dat schreege Dack weer dat noch v\u00e4\u00e4l bruttiger as buuten, denn dat weer August. All an\u00b4e eerste S\u00fcnndagnohmiddag keemen Fr\u00fcnnen to Bes\u00f6\u00f6k un to\u00b4n Tsch\u00fc\u00df-Seggen br\u00f6cht ick se daal un gung mit se ruut in-e Summerhitten, barfoot in T-Shirt un korte B\u00fcx. Man as ick nerrn de Huusd\u00f6\u00f6r opmaaken d\u00e4, geev dat in\u00b4t Treppenhuus een Knall. Ick wuss dat foorts: Mien Wahnungsd\u00f6\u00f6r ganz baaven weer tofullen. Anmarken leet ick mi aawers nix, wotoo ook? Mien Bes\u00f6\u00f6k muss gau los \u2013 un ick bleev utsparrt in\u00b4e Hitten tor\u00fcch. Wat nu? Eerstmol stellte ick de Huusd\u00f6\u00f6r fast. Denn leep ick buuten umbi, dat ick better nohdenken kunn. De S\u00fcnn brennte vun baaven un mien F\u00f6\u00f6t brennten vun\u00b4t neern op\u00b4e teerte Weg. Bi mien Loopen gung ick ook \u00f6wer unse Schoolhoff un as de Tofall dat so wull: De Huusmeister keem mi in\u00b4e M\u00f6\u00f6t un ick kunn em vun mien Mal\u00f6\u00f6r vertellen. So\u00b4n Huusmeister is je en patenten Kirl un kann allens. He s\u00e4 denn ook glieks: \u201eDat Slott, wat ick nich opkriegen do, dat gifft dat gor nich.\u201c Wat harr ick doch een Gl\u00fcck! He haalte sien Warkt\u00fc\u00fcchkassen, keem mit mi langs un maakte sick an\u00b4e Arbeid. Twee-een-half Stunnen rackert he sick an dat Slott un de Beslag af un weer f\u00f6r dull an\u00b4t Sweeten. Dor weer nix bi to maaken &#8211; denn de Wahnungsd\u00f6\u00f6r schull je heel blieven. De Huusmeister muss insehn, dat mien D\u00f6\u00f6r dat eerste Slott harr, wat all sien Handwarkskunst \u00f6werl\u00e4\u00e4ven d\u00e4. Un ick stunn j\u00fcmmers noch buutenv\u00f6r un weer nu heel vertwievelt. \u00d6werto harr ick\u00b4n slecht Geweeten, wieldat ick em so v\u00e4\u00e4l Umst\u00e4nne maaken d\u00e4. Man wat\u00b4n rechten Huusmeister is, de gifft nich so gau op un weet liekers noch Raad. \u201eIs villicht en Finster aapen?\u201c froog he. Wi keeken noh un seechen, dat een vun mien schreege Dackfinstern op\u00b4e Achtersied vun\u00b4t Huus en Spl\u00e4t aapen stunn. \u201eDenn haaln wi nu de lange Alu-Ledder ut de Turnhall\u201c, s\u00e4 he. Ick maakte mit, ook wenn mi dorbi\u00b4n l\u00fcttb\u00e4\u00e4ten anners wurr. Aawers so\u00b4n Huusmeister is nu mol en Respektsperson un noh all sien M\u00f6\u00f6chde, kunn ick dat nu nich good afl\u00e4hnen. De Fofftein-Meter-Ledder weer to\u00b4n Utschuuven un bestunn ut dree St\u00fccken vun je fief Meters, de j\u00fcmmers smaller wurrn. Wi harrn gor nich dor-\u00f6wer snackt, wer vun uns hochstiegen schull, man ick weer j\u00fcnger, dor leeg dat op\u00b4e Hand. Bi d\u00fcsse Utsicht weer mi gor nich mehr good, aawer seggen kunn ick nix. As wi de Ledder utschaaven harrn, stellte sick ruut, dat se j\u00fcst bet an\u00b4e Dackr\u00fcnn langen d\u00e4. Dor kunn se anliggen, wenn de Dackr\u00fcnn dat denn afkunn. De Huusmeister heel de steile Leddrer fast un s\u00e4: \u201eJ\u00fcmmers ganz dicht an\u00b4e Ledder blieven un de Mors intrecken, nich tor\u00fcchl\u00e4hnen!\u201c Sinnig muss ick nu noh\u00b4t baaven stiegen, n\u00e4: Ick muss kruupen, Stapp f\u00f6r Stapp. \u201eNich daalkieken!\u201c reep de Huusmeister. Wat een Tied, bet ick de Dackr\u00fcnn faatkreeg! Man de kunn ick nich truun, ick muss h\u00f6\u00f6ger rop, bet dat mien Hannen bi\u00b4t Finster weern. Nu kunn ick dat noh\u00b4t baaven opst\u00f6\u00f6ten. Noch een letzte Stapp, denn langte ick j\u00fcst so \u00e4ben mit mien Fingers \u00f6wer de Binnerkant vun dat Finsterbrett. Nu een Klimtoch! Bang weer ick in disse Momang nich, dat keem eerst wat laater. Ick f\u00f6hlte mi ehrer as so\u00b4n Aart Tarzan \u2013 bloots mit\u00b4n b\u00e4\u00e4ten mehr Kled\u00e5\u00e5sch un v\u00e4\u00e4l w\u00e4niger Muskeln. De Finsterbank heel mi ut \u2013 un nu hung ick op\u00b4e Buuk \u00f6wer mien Finsterbrett. Noh Tarzan hett dat f\u00f6rwiss nich utsehn. Een poor gymnastische \u00d6vungen op engste Ruum un ick seet s\u00e4\u00e4ker in mien Finster, klammert mi aawers liekers kramp-aardig an beide Sieden fast. So bleev ick eerstmol sitten. De dore Tied bruukte ick to\u00b4n Bang-W\u00e4\u00e4n. Ick b\u00e4\u00e4vert man so. \u00d6werdat besloot ick glieks dor baaven: \u201eNienich wedder bringst du di in so een Doodes-Gefohr! Dat is dat allens gor nich wert.\u201c \u2013 Nahsten steeg ick in mien Wahnung in, raakte de Resten vun mien Bloomenp\u00fctte tosied un maakte de D\u00f6\u00f6r loos. Natt vun Sweet, aawer gl\u00fcckli, leep ick gau mit mien Sl\u00f6tel de Treppen hendaal un achter\u00b4t Huus. De Huusmeister t\u00f6\u00f6vte all mit de inschaaven Ledder un ick freute mi \u00f6wer mien Sl\u00f6tel, aawer v\u00e4\u00e4l mehr noch dor-\u00f6wer, dat ick noch an\u00b4t L\u00e4\u00e4ven weer. Wat harr ick sunsten allens verpasst! Nich ut-todenken! \u2013 Wi br\u00f6chten de Ledder noh de Turnhall tor\u00fcch un ick bedankt mi aardig bi unse Huusmeister f\u00f6r de veer Stunnen Sunndagsarbeid bi de dore Hitten. Annerdags kreeg he denn en Pr\u00e4sent. \u2013 Een Saak versteiht sick nu wull vun ganz allleen: Wenn du noh so\u00b4n Bel\u00e4\u00e4vnissen keen extreme Sl\u00f6telsyndrom entwickeln deist, denn h\u00f6\u00f6rst du to de ganz harden \u2013 j\u00fcst so as Tarzan! <\/div>\/<br><\/p>\n\n\n\n<hr class=\"wp-block-separator has-alpha-channel-opacity\" \/>\n\n\n\n<p><\/p>\n\n\n\n<figure class=\"wp-block-image size-full is-resized\"><img loading=\"lazy\" decoding=\"async\" width=\"467\" height=\"463\" src=\"https:\/\/eidelstedter-buergerverein.de\/wp-content\/uploads\/2026\/01\/grafik-4.png\" alt=\"\" class=\"wp-image-18633\" style=\"aspect-ratio:1.0086207275623915;width:273px;height:auto\" srcset=\"https:\/\/eidelstedter-buergerverein.de\/wp-content\/uploads\/2026\/01\/grafik-4.png 467w, https:\/\/eidelstedter-buergerverein.de\/wp-content\/uploads\/2026\/01\/grafik-4-300x297.png 300w, https:\/\/eidelstedter-buergerverein.de\/wp-content\/uploads\/2026\/01\/grafik-4-150x150.png 150w\" sizes=\"(max-width: 467px) 100vw, 467px\" \/><\/figure>\n\n\n\n<ul class=\"wp-block-list\">\n<li class=\"has-vivid-red-color has-text-color has-link-color wp-elements-1a94c62e2018098e3939e038eb47714a\" style=\"font-style:normal;font-weight:700\">De Plattsnacker dreept sik wedder an\u2019n Huus  14. Januar, Klock s\u00f6ss,  in dat Huus vun de Elisabeth Kark, Eidelstedter Dorfstra\u00dfe<\/li>\n\n\n\n<li>Hier noch een Tip f\u00f6r de Lichtwarksaal. Villicht draept wi uns. Ik bin dorbi. Kickt mal in dat Programm:<br><a href=\"https:\/\/www.carltoepferstiftung.de\/veranstaltungen\/jan-graf-mit-koeoem-un-knarren\/\">mit Koem un Knarren<\/a><\/li>\n<\/ul>\n\n\n\n<figure class=\"wp-block-image size-large\"><img loading=\"lazy\" decoding=\"async\" width=\"1024\" height=\"296\" src=\"https:\/\/eidelstedter-buergerverein.de\/wp-content\/uploads\/2026\/01\/grafik-5-1024x296.png\" alt=\"\" class=\"wp-image-18634\" srcset=\"https:\/\/eidelstedter-buergerverein.de\/wp-content\/uploads\/2026\/01\/grafik-5-1024x296.png 1024w, https:\/\/eidelstedter-buergerverein.de\/wp-content\/uploads\/2026\/01\/grafik-5-300x87.png 300w, https:\/\/eidelstedter-buergerverein.de\/wp-content\/uploads\/2026\/01\/grafik-5-768x222.png 768w, https:\/\/eidelstedter-buergerverein.de\/wp-content\/uploads\/2026\/01\/grafik-5.png 1146w\" sizes=\"(max-width: 1024px) 100vw, 1024px\" \/><\/figure>\n\n\n\n<p class=\"has-luminous-vivid-amber-background-color has-background has-medium-font-size\"><br><br><br><strong><u>V\u00f6rank\u00fcnnigung <\/u><\/strong><strong>\u2013 nu al v\u00f6rmarken:<\/strong><br><strong>18. April<\/strong>, <strong>15.00\u201317.00 Uhr<\/strong>,<\/p>\n\n\n\n<p class=\"has-luminous-vivid-amber-background-color has-background\"><strong><a href=\"https:\/\/www.platt.hamburg\/\">Hamburger Plattdeutschtag<\/a><\/strong><br><strong>B\u00f6kerhall Eidelstedt<\/strong><br><strong>Plattd\u00fc\u00fctsche Chronik <\/strong><strong>un <\/strong><strong>\u2013 <\/strong><strong>apen <\/strong><strong>Snackrund <\/strong><strong>\u201e<\/strong><strong>Eidelsteedt wat b\u00fcst du wussen!<\/strong><strong>\u201c<\/strong><\/p>\n\n\n\n<p><\/p>\n\n\n\n<hr class=\"wp-block-separator has-alpha-channel-opacity\" \/>\n\n\n\n<p><strong>To\u00b4n Enn noch\u00b4n l\u00fc<\/strong><strong>tt<\/strong><strong>en <\/strong><strong>Radel<\/strong><strong>:<\/strong><\/p>\n\n\n\n<p>War\u00fcm maakt de Hahn de Ogen to bi\u00b4n Krein?<\/p>\n\n\n\n<p><em>Wiel he sien Text  butenkopps kann.<\/em><\/p>\n\n\n\n<figure class=\"wp-block-image size-large is-resized\"><img loading=\"lazy\" decoding=\"async\" width=\"1024\" height=\"713\" src=\"https:\/\/eidelstedter-buergerverein.de\/wp-content\/uploads\/2026\/01\/Hahn-1-1024x713.png\" alt=\"\" class=\"wp-image-18651\" style=\"aspect-ratio:1.4363476132885866;width:415px;height:auto\" srcset=\"https:\/\/eidelstedter-buergerverein.de\/wp-content\/uploads\/2026\/01\/Hahn-1-1024x713.png 1024w, https:\/\/eidelstedter-buergerverein.de\/wp-content\/uploads\/2026\/01\/Hahn-1-300x209.png 300w, https:\/\/eidelstedter-buergerverein.de\/wp-content\/uploads\/2026\/01\/Hahn-1-768x535.png 768w, https:\/\/eidelstedter-buergerverein.de\/wp-content\/uploads\/2026\/01\/Hahn-1-1536x1069.png 1536w, https:\/\/eidelstedter-buergerverein.de\/wp-content\/uploads\/2026\/01\/Hahn-1-1320x919.png 1320w, https:\/\/eidelstedter-buergerverein.de\/wp-content\/uploads\/2026\/01\/Hahn-1.png 1692w\" sizes=\"(max-width: 1024px) 100vw, 1024px\" \/><\/figure>\n\n\n\n<p>Bild selbst<\/p>\n\n\n\n<p><\/p>\n\n\n\n<hr class=\"wp-block-separator has-alpha-channel-opacity\" \/>\n","protected":false},"excerpt":{"rendered":"<p>Moin, leev L\u00fc\u00fcd, hartlich willkamen to uns Rundbreef f\u00f6r Januor, de eerst in dat nege Johr 2026.Ik w\u00fcnsch ji allens Gode un best Sundheit. Tohoop w\u00fcllt wi dorop h\u00f6pen, dat dat een fien Johr warrt. Trotz dat groten Slamassels ut &hellip; <a href=\"https:\/\/eidelstedter-buergerverein.de\/?p=18619\">Weiterlesen <span class=\"meta-nav\">&rarr;<\/span><\/a><\/p>\n","protected":false},"author":8,"featured_media":0,"comment_status":"closed","ping_status":"closed","sticky":false,"template":"","format":"standard","meta":{"footnotes":""},"categories":[1,4],"tags":[],"class_list":["post-18619","post","type-post","status-publish","format-standard","hentry","category-allgemein","category-plattsnakker"],"_links":{"self":[{"href":"https:\/\/eidelstedter-buergerverein.de\/index.php?rest_route=\/wp\/v2\/posts\/18619","targetHints":{"allow":["GET"]}}],"collection":[{"href":"https:\/\/eidelstedter-buergerverein.de\/index.php?rest_route=\/wp\/v2\/posts"}],"about":[{"href":"https:\/\/eidelstedter-buergerverein.de\/index.php?rest_route=\/wp\/v2\/types\/post"}],"author":[{"embeddable":true,"href":"https:\/\/eidelstedter-buergerverein.de\/index.php?rest_route=\/wp\/v2\/users\/8"}],"replies":[{"embeddable":true,"href":"https:\/\/eidelstedter-buergerverein.de\/index.php?rest_route=%2Fwp%2Fv2%2Fcomments&post=18619"}],"version-history":[{"count":26,"href":"https:\/\/eidelstedter-buergerverein.de\/index.php?rest_route=\/wp\/v2\/posts\/18619\/revisions"}],"predecessor-version":[{"id":18658,"href":"https:\/\/eidelstedter-buergerverein.de\/index.php?rest_route=\/wp\/v2\/posts\/18619\/revisions\/18658"}],"wp:attachment":[{"href":"https:\/\/eidelstedter-buergerverein.de\/index.php?rest_route=%2Fwp%2Fv2%2Fmedia&parent=18619"}],"wp:term":[{"taxonomy":"category","embeddable":true,"href":"https:\/\/eidelstedter-buergerverein.de\/index.php?rest_route=%2Fwp%2Fv2%2Fcategories&post=18619"},{"taxonomy":"post_tag","embeddable":true,"href":"https:\/\/eidelstedter-buergerverein.de\/index.php?rest_route=%2Fwp%2Fv2%2Ftags&post=18619"}],"curies":[{"name":"wp","href":"https:\/\/api.w.org\/{rel}","templated":true}]}}